{"translation-revision-date":"2024-02-06 17:56:56+0000","generator":"GlotPress\/4.0.3","domain":"messages","locale_data":{"messages":{"":{"domain":"messages","plural-forms":"nplurals=2; plural=n != 1;","lang":"sq_AL"},"Use as featured image":["P\u00ebrdore si figur\u00eb t\u00eb zgjedhur"],"Could not set that as the thumbnail image. Try a different attachment.":["S\u2019u vendos dot si figur\u00eb miniatur\u00eb. Provoni nj\u00eb bashk\u00ebngjitje tjet\u00ebr."],"Saving\u2026":["Po ruhet\u2026"],"Done":["U b\u00eb"]}},"comment":{"reference":"wp-admin\/js\/set-post-thumbnail.js"}}